		
		{"items":"\t\t\t<link rel=\"stylesheet\" id=\"wd-photoswipe-css\" href=\"https:\/\/cuisinesetfourneaux.com\/wp-content\/themes\/woodmart\/css\/parts\/lib-photoswipe.min.css?ver=8.2.7\" type=\"text\/css\" media=\"all\" \/> \t\t\t\t\t\t<link rel=\"stylesheet\" id=\"wd-project-alt-css\" href=\"https:\/\/cuisinesetfourneaux.com\/wp-content\/themes\/woodmart\/css\/parts\/project-alt.min.css?ver=8.2.7\" type=\"text\/css\" media=\"all\" \/> \t\t\t\n\t\t\n\t\t\n\t\t\t\t\t\t\t\t\n<article id=\"post-10686\" class=\"wd-project portfolio-entry wd-col masonry-item portfolio-hover-inverse proj-cat-cuisines-inspiration post-10686 portfolio type-portfolio status-publish has-post-thumbnail hentry project-cat-cuisines-inspiration\">\n\t<header class=\"entry-header\">\n\t\t\t\t\t<figure class=\"entry-thumbnail color-scheme-light\">\n\t\t\t\t<a href=\"https:\/\/cuisinesetfourneaux.com\/portfolio\/cuisine-sur-mesure-a-lille\/\" class=\"portfolio-thumbnail\">\n\t\t\t\t\t<img width=\"400\" height=\"225\" src=\"https:\/\/cuisinesetfourneaux.com\/wp-content\/uploads\/2023\/04\/WhatsApp-Image-2023-04-16-at-18.16.08-2.jpeg\" class=\"attachment-400xauto size-400xauto\" alt=\"\" decoding=\"async\" fetchpriority=\"high\" srcset=\"https:\/\/cuisinesetfourneaux.com\/wp-content\/uploads\/2023\/04\/WhatsApp-Image-2023-04-16-at-18.16.08-2.jpeg 2000w, https:\/\/cuisinesetfourneaux.com\/wp-content\/uploads\/2023\/04\/WhatsApp-Image-2023-04-16-at-18.16.08-2-300x169.jpeg 300w, https:\/\/cuisinesetfourneaux.com\/wp-content\/uploads\/2023\/04\/WhatsApp-Image-2023-04-16-at-18.16.08-2-1024x576.jpeg 1024w, https:\/\/cuisinesetfourneaux.com\/wp-content\/uploads\/2023\/04\/WhatsApp-Image-2023-04-16-at-18.16.08-2-768x432.jpeg 768w, https:\/\/cuisinesetfourneaux.com\/wp-content\/uploads\/2023\/04\/WhatsApp-Image-2023-04-16-at-18.16.08-2-1536x864.jpeg 1536w\" sizes=\"(max-width: 400px) 100vw, 400px\" \/>\t\t\t\t<\/a>\n\t\t\t\t<div class=\"wd-portfolio-btns\">\n\t\t\t\t\t<div class=\"portfolio-enlarge wd-action-btn wd-style-icon wd-enlarge-icon\">\n\t\t\t\t\t\t<a href=\"https:\/\/cuisinesetfourneaux.com\/wp-content\/uploads\/2023\/04\/WhatsApp-Image-2023-04-16-at-18.16.08-2.jpeg\" data-elementor-open-lightbox=\"no\">View Large<\/a>\n\t\t\t\t\t<\/div>\n\t\t\t\t\t\t\t\t\t\t\t<div class=\"social-icons-wrapper wd-action-btn wd-style-icon wd-share-icon wd-tltp\">\n\t\t\t\t\t\t\t<a><\/a>\n\t\t\t\t\t\t\t<div class=\"tooltip left\">\n\t\t\t\t\t\t\t\t<div class=\"tooltip-arrow\"><\/div>\n\t\t\t\t\t\t\t\t<div class=\"tooltip-inner\">\n\t\t\t\t\t\t\t\t\t\t\t\t<link rel=\"stylesheet\" id=\"wd-social-icons-css\" href=\"https:\/\/cuisinesetfourneaux.com\/wp-content\/themes\/woodmart\/css\/parts\/el-social-icons.min.css?ver=8.2.7\" type=\"text\/css\" media=\"all\" \/> \t\t\t\t\t\t<div\n\t\t\t\t\t\tclass=\" wd-social-icons  wd-style-default wd-size-small social-share wd-shape-circle color-scheme-light text-center\">\n\t\t\t\t\n\t\t\t\t\n\t\t\t\t\t\t\t\t\t<a rel=\"noopener noreferrer nofollow\" href=\"https:\/\/www.facebook.com\/sharer\/sharer.php?u=https:\/\/cuisinesetfourneaux.com\/portfolio\/cuisine-sur-mesure-a-lille\/\" target=\"_blank\" class=\" wd-social-icon social-facebook\" aria-label=\"Facebook social link\">\n\t\t\t\t\t\t<span class=\"wd-icon\"><\/span>\n\t\t\t\t\t\t\t\t\t\t\t<\/a>\n\t\t\t\t\n\t\t\t\t\t\t\t\t\t<a rel=\"noopener noreferrer nofollow\" href=\"https:\/\/x.com\/share?url=https:\/\/cuisinesetfourneaux.com\/portfolio\/cuisine-sur-mesure-a-lille\/\" target=\"_blank\" class=\" wd-social-icon social-twitter\" aria-label=\"X social link\">\n\t\t\t\t\t\t<span class=\"wd-icon\"><\/span>\n\t\t\t\t\t\t\t\t\t\t\t<\/a>\n\t\t\t\t\n\t\t\t\t\n\t\t\t\t\t\t\t\t\t<a rel=\"noopener noreferrer nofollow\" href=\"mailto:?subject=Check%20this%20https:\/\/cuisinesetfourneaux.com\/portfolio\/cuisine-sur-mesure-a-lille\/\" target=\"_blank\" class=\" wd-social-icon social-email\" aria-label=\"Email social link\">\n\t\t\t\t\t\t<span class=\"wd-icon\"><\/span>\n\t\t\t\t\t\t\t\t\t\t\t<\/a>\n\t\t\t\t\n\t\t\t\t\n\t\t\t\t\n\t\t\t\t\n\t\t\t\t\t\t\t\t\t<a rel=\"noopener noreferrer nofollow\" href=\"https:\/\/pinterest.com\/pin\/create\/button\/?url=https:\/\/cuisinesetfourneaux.com\/portfolio\/cuisine-sur-mesure-a-lille\/&media=https:\/\/cuisinesetfourneaux.com\/wp-content\/uploads\/2023\/04\/WhatsApp-Image-2023-04-16-at-18.16.08-2.jpeg&description=Cuisine+sur+mesure+%C3%A0+Condette\" target=\"_blank\" class=\" wd-social-icon social-pinterest\" aria-label=\"Pinterest social link\">\n\t\t\t\t\t\t<span class=\"wd-icon\"><\/span>\n\t\t\t\t\t\t\t\t\t\t\t<\/a>\n\t\t\t\t\n\t\t\t\t\n\t\t\t\t\t\t\t\t\t<a rel=\"noopener noreferrer nofollow\" href=\"https:\/\/www.linkedin.com\/shareArticle?mini=true&url=https:\/\/cuisinesetfourneaux.com\/portfolio\/cuisine-sur-mesure-a-lille\/\" target=\"_blank\" class=\" wd-social-icon social-linkedin\" aria-label=\"Linkedin social link\">\n\t\t\t\t\t\t<span class=\"wd-icon\"><\/span>\n\t\t\t\t\t\t\t\t\t\t\t<\/a>\n\t\t\t\t\n\t\t\t\t\n\t\t\t\t\n\t\t\t\t\n\t\t\t\t\n\t\t\t\t\n\t\t\t\t\n\t\t\t\t\n\t\t\t\t\n\t\t\t\t\n\t\t\t\t\n\t\t\t\t\n\t\t\t\t\n\t\t\t\t\n\t\t\t\t\n\t\t\t\t\t\t\t\t\t<a rel=\"noopener noreferrer nofollow\" href=\"https:\/\/telegram.me\/share\/url?url=https:\/\/cuisinesetfourneaux.com\/portfolio\/cuisine-sur-mesure-a-lille\/\" target=\"_blank\" class=\" wd-social-icon social-tg\" aria-label=\"Telegram social link\">\n\t\t\t\t\t\t<span class=\"wd-icon\"><\/span>\n\t\t\t\t\t\t\t\t\t\t\t<\/a>\n\t\t\t\t\n\t\t\t\t\n\t\t\t<\/div>\n\n\t\t\t\t\t\t\t\t\t\t<\/div>\n\t\t\t\t\t\t\t<\/div>\n\t\t\t\t\t\t<\/div>\n\t\t\t\t\t\t\t\t\t<\/div>\n\t\t\t<\/figure>\n\t\t\n\t\t<div class=\"portfolio-info color-scheme-light\">\n\t\t\t\t\t\t\t<div class=\"wrap-meta\">\n\t\t\t\t\t<ul class=\"proj-cats-list\">\n\t\t\t\t\t\t\t\t\t\t\t\t\t\t\t\t\t\t\t\t<li>Cuisines<\/li>\n\t\t\t\t\t\t\t\t\t\t\t<\/ul>\n\t\t\t\t<\/div>\n\t\t\t\n\t\t\t<div class=\"wrap-title\">\n\t\t\t\t<h3 class=\"wd-entities-title\">\n\t\t\t\t\t<a href=\"https:\/\/cuisinesetfourneaux.com\/portfolio\/cuisine-sur-mesure-a-lille\/\" rel=\"bookmark\">Cuisine sur mesure \u00e0 Condette<\/a>\n\t\t\t\t<\/h3>\n\t\t\t<\/div>\n\t\t<\/div>\n\t<\/header>\n<\/article>\n\t\t\t\t\t\t\t\t\n<article id=\"post-10226\" class=\"wd-project portfolio-entry wd-col masonry-item portfolio-hover-inverse proj-cat-cuisines-inspiration post-10226 portfolio type-portfolio status-publish has-post-thumbnail hentry project-cat-cuisines-inspiration\">\n\t<header class=\"entry-header\">\n\t\t\t\t\t<figure class=\"entry-thumbnail color-scheme-light\">\n\t\t\t\t<a href=\"https:\/\/cuisinesetfourneaux.com\/portfolio\/cuisine-home-cucine-cuisinesetfourneaux\/\" class=\"portfolio-thumbnail\">\n\t\t\t\t\t<img width=\"400\" height=\"300\" src=\"https:\/\/cuisinesetfourneaux.com\/wp-content\/uploads\/2023\/01\/WhatsApp-Image-2023-01-06-at-16.00.23.jpeg\" class=\"attachment-400xauto size-400xauto\" alt=\"\" decoding=\"async\" srcset=\"https:\/\/cuisinesetfourneaux.com\/wp-content\/uploads\/2023\/01\/WhatsApp-Image-2023-01-06-at-16.00.23.jpeg 1024w, https:\/\/cuisinesetfourneaux.com\/wp-content\/uploads\/2023\/01\/WhatsApp-Image-2023-01-06-at-16.00.23-300x225.jpeg 300w, https:\/\/cuisinesetfourneaux.com\/wp-content\/uploads\/2023\/01\/WhatsApp-Image-2023-01-06-at-16.00.23-768x576.jpeg 768w, https:\/\/cuisinesetfourneaux.com\/wp-content\/uploads\/2023\/01\/WhatsApp-Image-2023-01-06-at-16.00.23-150x113.jpeg 150w\" sizes=\"(max-width: 400px) 100vw, 400px\" \/>\t\t\t\t<\/a>\n\t\t\t\t<div class=\"wd-portfolio-btns\">\n\t\t\t\t\t<div class=\"portfolio-enlarge wd-action-btn wd-style-icon wd-enlarge-icon\">\n\t\t\t\t\t\t<a href=\"https:\/\/cuisinesetfourneaux.com\/wp-content\/uploads\/2023\/01\/WhatsApp-Image-2023-01-06-at-16.00.23.jpeg\" data-elementor-open-lightbox=\"no\">View Large<\/a>\n\t\t\t\t\t<\/div>\n\t\t\t\t\t\t\t\t\t\t\t<div class=\"social-icons-wrapper wd-action-btn wd-style-icon wd-share-icon wd-tltp\">\n\t\t\t\t\t\t\t<a><\/a>\n\t\t\t\t\t\t\t<div class=\"tooltip left\">\n\t\t\t\t\t\t\t\t<div class=\"tooltip-arrow\"><\/div>\n\t\t\t\t\t\t\t\t<div class=\"tooltip-inner\">\n\t\t\t\t\t\t\t\t\t\t\t\t<div\n\t\t\t\t\t\tclass=\" wd-social-icons  wd-style-default wd-size-small social-share wd-shape-circle color-scheme-light text-center\">\n\t\t\t\t\n\t\t\t\t\n\t\t\t\t\t\t\t\t\t<a rel=\"noopener noreferrer nofollow\" href=\"https:\/\/www.facebook.com\/sharer\/sharer.php?u=https:\/\/cuisinesetfourneaux.com\/portfolio\/cuisine-home-cucine-cuisinesetfourneaux\/\" target=\"_blank\" class=\" wd-social-icon social-facebook\" aria-label=\"Facebook social link\">\n\t\t\t\t\t\t<span class=\"wd-icon\"><\/span>\n\t\t\t\t\t\t\t\t\t\t\t<\/a>\n\t\t\t\t\n\t\t\t\t\t\t\t\t\t<a rel=\"noopener noreferrer nofollow\" href=\"https:\/\/x.com\/share?url=https:\/\/cuisinesetfourneaux.com\/portfolio\/cuisine-home-cucine-cuisinesetfourneaux\/\" target=\"_blank\" class=\" wd-social-icon social-twitter\" aria-label=\"X social link\">\n\t\t\t\t\t\t<span class=\"wd-icon\"><\/span>\n\t\t\t\t\t\t\t\t\t\t\t<\/a>\n\t\t\t\t\n\t\t\t\t\n\t\t\t\t\t\t\t\t\t<a rel=\"noopener noreferrer nofollow\" href=\"mailto:?subject=Check%20this%20https:\/\/cuisinesetfourneaux.com\/portfolio\/cuisine-home-cucine-cuisinesetfourneaux\/\" target=\"_blank\" class=\" wd-social-icon social-email\" aria-label=\"Email social link\">\n\t\t\t\t\t\t<span class=\"wd-icon\"><\/span>\n\t\t\t\t\t\t\t\t\t\t\t<\/a>\n\t\t\t\t\n\t\t\t\t\n\t\t\t\t\n\t\t\t\t\n\t\t\t\t\t\t\t\t\t<a rel=\"noopener noreferrer nofollow\" href=\"https:\/\/pinterest.com\/pin\/create\/button\/?url=https:\/\/cuisinesetfourneaux.com\/portfolio\/cuisine-home-cucine-cuisinesetfourneaux\/&media=https:\/\/cuisinesetfourneaux.com\/wp-content\/uploads\/2023\/01\/WhatsApp-Image-2023-01-06-at-16.00.23.jpeg&description=Cuisine+Home+Cucine+H%C3%A9rin\" target=\"_blank\" class=\" wd-social-icon social-pinterest\" aria-label=\"Pinterest social link\">\n\t\t\t\t\t\t<span class=\"wd-icon\"><\/span>\n\t\t\t\t\t\t\t\t\t\t\t<\/a>\n\t\t\t\t\n\t\t\t\t\n\t\t\t\t\t\t\t\t\t<a rel=\"noopener noreferrer nofollow\" href=\"https:\/\/www.linkedin.com\/shareArticle?mini=true&url=https:\/\/cuisinesetfourneaux.com\/portfolio\/cuisine-home-cucine-cuisinesetfourneaux\/\" target=\"_blank\" class=\" wd-social-icon social-linkedin\" aria-label=\"Linkedin social link\">\n\t\t\t\t\t\t<span class=\"wd-icon\"><\/span>\n\t\t\t\t\t\t\t\t\t\t\t<\/a>\n\t\t\t\t\n\t\t\t\t\n\t\t\t\t\n\t\t\t\t\n\t\t\t\t\n\t\t\t\t\n\t\t\t\t\n\t\t\t\t\n\t\t\t\t\n\t\t\t\t\n\t\t\t\t\n\t\t\t\t\n\t\t\t\t\n\t\t\t\t\n\t\t\t\t\n\t\t\t\t\t\t\t\t\t<a rel=\"noopener noreferrer nofollow\" href=\"https:\/\/telegram.me\/share\/url?url=https:\/\/cuisinesetfourneaux.com\/portfolio\/cuisine-home-cucine-cuisinesetfourneaux\/\" target=\"_blank\" class=\" wd-social-icon social-tg\" aria-label=\"Telegram social link\">\n\t\t\t\t\t\t<span class=\"wd-icon\"><\/span>\n\t\t\t\t\t\t\t\t\t\t\t<\/a>\n\t\t\t\t\n\t\t\t\t\n\t\t\t<\/div>\n\n\t\t\t\t\t\t\t\t\t\t<\/div>\n\t\t\t\t\t\t\t<\/div>\n\t\t\t\t\t\t<\/div>\n\t\t\t\t\t\t\t\t\t<\/div>\n\t\t\t<\/figure>\n\t\t\n\t\t<div class=\"portfolio-info color-scheme-light\">\n\t\t\t\t\t\t\t<div class=\"wrap-meta\">\n\t\t\t\t\t<ul class=\"proj-cats-list\">\n\t\t\t\t\t\t\t\t\t\t\t\t\t\t\t\t\t\t\t\t<li>Cuisines<\/li>\n\t\t\t\t\t\t\t\t\t\t\t<\/ul>\n\t\t\t\t<\/div>\n\t\t\t\n\t\t\t<div class=\"wrap-title\">\n\t\t\t\t<h3 class=\"wd-entities-title\">\n\t\t\t\t\t<a href=\"https:\/\/cuisinesetfourneaux.com\/portfolio\/cuisine-home-cucine-cuisinesetfourneaux\/\" rel=\"bookmark\">Cuisine Home Cucine H\u00e9rin<\/a>\n\t\t\t\t<\/h3>\n\t\t\t<\/div>\n\t\t<\/div>\n\t<\/header>\n<\/article>\n\t\t\t\t\t\t\t\t\n<article id=\"post-9836\" class=\"wd-project portfolio-entry wd-col masonry-item portfolio-hover-inverse proj-cat-cuisines-inspiration post-9836 portfolio type-portfolio status-publish has-post-thumbnail hentry project-cat-cuisines-inspiration\">\n\t<header class=\"entry-header\">\n\t\t\t\t\t<figure class=\"entry-thumbnail color-scheme-light\">\n\t\t\t\t<a href=\"https:\/\/cuisinesetfourneaux.com\/portfolio\/cuisine-equipee-a-phalempin\/\" class=\"portfolio-thumbnail\">\n\t\t\t\t\t<img width=\"400\" height=\"225\" src=\"https:\/\/cuisinesetfourneaux.com\/wp-content\/uploads\/2022\/04\/WhatsApp-Image-2022-04-04-at-16.31.29.jpeg\" class=\"attachment-400xauto size-400xauto\" alt=\"\" decoding=\"async\" srcset=\"https:\/\/cuisinesetfourneaux.com\/wp-content\/uploads\/2022\/04\/WhatsApp-Image-2022-04-04-at-16.31.29.jpeg 1600w, https:\/\/cuisinesetfourneaux.com\/wp-content\/uploads\/2022\/04\/WhatsApp-Image-2022-04-04-at-16.31.29-300x169.jpeg 300w, https:\/\/cuisinesetfourneaux.com\/wp-content\/uploads\/2022\/04\/WhatsApp-Image-2022-04-04-at-16.31.29-1024x576.jpeg 1024w, https:\/\/cuisinesetfourneaux.com\/wp-content\/uploads\/2022\/04\/WhatsApp-Image-2022-04-04-at-16.31.29-768x432.jpeg 768w, https:\/\/cuisinesetfourneaux.com\/wp-content\/uploads\/2022\/04\/WhatsApp-Image-2022-04-04-at-16.31.29-1536x864.jpeg 1536w, https:\/\/cuisinesetfourneaux.com\/wp-content\/uploads\/2022\/04\/WhatsApp-Image-2022-04-04-at-16.31.29-1200x675.jpeg 1200w, https:\/\/cuisinesetfourneaux.com\/wp-content\/uploads\/2022\/04\/WhatsApp-Image-2022-04-04-at-16.31.29-150x84.jpeg 150w\" sizes=\"(max-width: 400px) 100vw, 400px\" \/>\t\t\t\t<\/a>\n\t\t\t\t<div class=\"wd-portfolio-btns\">\n\t\t\t\t\t<div class=\"portfolio-enlarge wd-action-btn wd-style-icon wd-enlarge-icon\">\n\t\t\t\t\t\t<a href=\"https:\/\/cuisinesetfourneaux.com\/wp-content\/uploads\/2022\/04\/WhatsApp-Image-2022-04-04-at-16.31.29.jpeg\" data-elementor-open-lightbox=\"no\">View Large<\/a>\n\t\t\t\t\t<\/div>\n\t\t\t\t\t\t\t\t\t\t\t<div class=\"social-icons-wrapper wd-action-btn wd-style-icon wd-share-icon wd-tltp\">\n\t\t\t\t\t\t\t<a><\/a>\n\t\t\t\t\t\t\t<div class=\"tooltip left\">\n\t\t\t\t\t\t\t\t<div class=\"tooltip-arrow\"><\/div>\n\t\t\t\t\t\t\t\t<div class=\"tooltip-inner\">\n\t\t\t\t\t\t\t\t\t\t\t\t<div\n\t\t\t\t\t\tclass=\" wd-social-icons  wd-style-default wd-size-small social-share wd-shape-circle color-scheme-light text-center\">\n\t\t\t\t\n\t\t\t\t\n\t\t\t\t\t\t\t\t\t<a rel=\"noopener noreferrer nofollow\" href=\"https:\/\/www.facebook.com\/sharer\/sharer.php?u=https:\/\/cuisinesetfourneaux.com\/portfolio\/cuisine-equipee-a-phalempin\/\" target=\"_blank\" class=\" wd-social-icon social-facebook\" aria-label=\"Facebook social link\">\n\t\t\t\t\t\t<span class=\"wd-icon\"><\/span>\n\t\t\t\t\t\t\t\t\t\t\t<\/a>\n\t\t\t\t\n\t\t\t\t\t\t\t\t\t<a rel=\"noopener noreferrer nofollow\" href=\"https:\/\/x.com\/share?url=https:\/\/cuisinesetfourneaux.com\/portfolio\/cuisine-equipee-a-phalempin\/\" target=\"_blank\" class=\" wd-social-icon social-twitter\" aria-label=\"X social link\">\n\t\t\t\t\t\t<span class=\"wd-icon\"><\/span>\n\t\t\t\t\t\t\t\t\t\t\t<\/a>\n\t\t\t\t\n\t\t\t\t\n\t\t\t\t\t\t\t\t\t<a rel=\"noopener noreferrer nofollow\" href=\"mailto:?subject=Check%20this%20https:\/\/cuisinesetfourneaux.com\/portfolio\/cuisine-equipee-a-phalempin\/\" target=\"_blank\" class=\" wd-social-icon social-email\" aria-label=\"Email social link\">\n\t\t\t\t\t\t<span class=\"wd-icon\"><\/span>\n\t\t\t\t\t\t\t\t\t\t\t<\/a>\n\t\t\t\t\n\t\t\t\t\n\t\t\t\t\n\t\t\t\t\n\t\t\t\t\t\t\t\t\t<a rel=\"noopener noreferrer nofollow\" href=\"https:\/\/pinterest.com\/pin\/create\/button\/?url=https:\/\/cuisinesetfourneaux.com\/portfolio\/cuisine-equipee-a-phalempin\/&media=https:\/\/cuisinesetfourneaux.com\/wp-content\/uploads\/2022\/04\/WhatsApp-Image-2022-04-04-at-16.31.29.jpeg&description=Cuisine+%C3%A9quip%C3%A9e+%C3%A0+Phalempin\" target=\"_blank\" class=\" wd-social-icon social-pinterest\" aria-label=\"Pinterest social link\">\n\t\t\t\t\t\t<span class=\"wd-icon\"><\/span>\n\t\t\t\t\t\t\t\t\t\t\t<\/a>\n\t\t\t\t\n\t\t\t\t\n\t\t\t\t\t\t\t\t\t<a rel=\"noopener noreferrer nofollow\" href=\"https:\/\/www.linkedin.com\/shareArticle?mini=true&url=https:\/\/cuisinesetfourneaux.com\/portfolio\/cuisine-equipee-a-phalempin\/\" target=\"_blank\" class=\" wd-social-icon social-linkedin\" aria-label=\"Linkedin social link\">\n\t\t\t\t\t\t<span class=\"wd-icon\"><\/span>\n\t\t\t\t\t\t\t\t\t\t\t<\/a>\n\t\t\t\t\n\t\t\t\t\n\t\t\t\t\n\t\t\t\t\n\t\t\t\t\n\t\t\t\t\n\t\t\t\t\n\t\t\t\t\n\t\t\t\t\n\t\t\t\t\n\t\t\t\t\n\t\t\t\t\n\t\t\t\t\n\t\t\t\t\n\t\t\t\t\n\t\t\t\t\t\t\t\t\t<a rel=\"noopener noreferrer nofollow\" href=\"https:\/\/telegram.me\/share\/url?url=https:\/\/cuisinesetfourneaux.com\/portfolio\/cuisine-equipee-a-phalempin\/\" target=\"_blank\" class=\" wd-social-icon social-tg\" aria-label=\"Telegram social link\">\n\t\t\t\t\t\t<span class=\"wd-icon\"><\/span>\n\t\t\t\t\t\t\t\t\t\t\t<\/a>\n\t\t\t\t\n\t\t\t\t\n\t\t\t<\/div>\n\n\t\t\t\t\t\t\t\t\t\t<\/div>\n\t\t\t\t\t\t\t<\/div>\n\t\t\t\t\t\t<\/div>\n\t\t\t\t\t\t\t\t\t<\/div>\n\t\t\t<\/figure>\n\t\t\n\t\t<div class=\"portfolio-info color-scheme-light\">\n\t\t\t\t\t\t\t<div class=\"wrap-meta\">\n\t\t\t\t\t<ul class=\"proj-cats-list\">\n\t\t\t\t\t\t\t\t\t\t\t\t\t\t\t\t\t\t\t\t<li>Cuisines<\/li>\n\t\t\t\t\t\t\t\t\t\t\t<\/ul>\n\t\t\t\t<\/div>\n\t\t\t\n\t\t\t<div class=\"wrap-title\">\n\t\t\t\t<h3 class=\"wd-entities-title\">\n\t\t\t\t\t<a href=\"https:\/\/cuisinesetfourneaux.com\/portfolio\/cuisine-equipee-a-phalempin\/\" rel=\"bookmark\">Cuisine \u00e9quip\u00e9e \u00e0 Phalempin<\/a>\n\t\t\t\t<\/h3>\n\t\t\t<\/div>\n\t\t<\/div>\n\t<\/header>\n<\/article>\n\t\t\t\t\t\t\t\t\n<article id=\"post-9819\" class=\"wd-project portfolio-entry wd-col masonry-item portfolio-hover-inverse proj-cat-cuisines-inspiration post-9819 portfolio type-portfolio status-publish has-post-thumbnail hentry project-cat-cuisines-inspiration\">\n\t<header class=\"entry-header\">\n\t\t\t\t\t<figure class=\"entry-thumbnail color-scheme-light\">\n\t\t\t\t<a href=\"https:\/\/cuisinesetfourneaux.com\/portfolio\/cuisine-equipee-a-villeneuve-dascq\/\" class=\"portfolio-thumbnail\">\n\t\t\t\t\t<img width=\"400\" height=\"225\" src=\"https:\/\/cuisinesetfourneaux.com\/wp-content\/uploads\/2022\/04\/WhatsApp-Image-2022-04-04-at-16.31.11-1024x577-2.jpeg\" class=\"attachment-400xauto size-400xauto\" alt=\"\" decoding=\"async\" srcset=\"https:\/\/cuisinesetfourneaux.com\/wp-content\/uploads\/2022\/04\/WhatsApp-Image-2022-04-04-at-16.31.11-1024x577-2.jpeg 1024w, https:\/\/cuisinesetfourneaux.com\/wp-content\/uploads\/2022\/04\/WhatsApp-Image-2022-04-04-at-16.31.11-1024x577-2-300x169.jpeg 300w, https:\/\/cuisinesetfourneaux.com\/wp-content\/uploads\/2022\/04\/WhatsApp-Image-2022-04-04-at-16.31.11-1024x577-2-768x433.jpeg 768w\" sizes=\"(max-width: 400px) 100vw, 400px\" \/>\t\t\t\t<\/a>\n\t\t\t\t<div class=\"wd-portfolio-btns\">\n\t\t\t\t\t<div class=\"portfolio-enlarge wd-action-btn wd-style-icon wd-enlarge-icon\">\n\t\t\t\t\t\t<a href=\"https:\/\/cuisinesetfourneaux.com\/wp-content\/uploads\/2022\/04\/WhatsApp-Image-2022-04-04-at-16.31.11-1024x577-2.jpeg\" data-elementor-open-lightbox=\"no\">View Large<\/a>\n\t\t\t\t\t<\/div>\n\t\t\t\t\t\t\t\t\t\t\t<div class=\"social-icons-wrapper wd-action-btn wd-style-icon wd-share-icon wd-tltp\">\n\t\t\t\t\t\t\t<a><\/a>\n\t\t\t\t\t\t\t<div class=\"tooltip left\">\n\t\t\t\t\t\t\t\t<div class=\"tooltip-arrow\"><\/div>\n\t\t\t\t\t\t\t\t<div class=\"tooltip-inner\">\n\t\t\t\t\t\t\t\t\t\t\t\t<div\n\t\t\t\t\t\tclass=\" wd-social-icons  wd-style-default wd-size-small social-share wd-shape-circle color-scheme-light text-center\">\n\t\t\t\t\n\t\t\t\t\n\t\t\t\t\t\t\t\t\t<a rel=\"noopener noreferrer nofollow\" href=\"https:\/\/www.facebook.com\/sharer\/sharer.php?u=https:\/\/cuisinesetfourneaux.com\/portfolio\/cuisine-equipee-a-villeneuve-dascq\/\" target=\"_blank\" class=\" wd-social-icon social-facebook\" aria-label=\"Facebook social link\">\n\t\t\t\t\t\t<span class=\"wd-icon\"><\/span>\n\t\t\t\t\t\t\t\t\t\t\t<\/a>\n\t\t\t\t\n\t\t\t\t\t\t\t\t\t<a rel=\"noopener noreferrer nofollow\" href=\"https:\/\/x.com\/share?url=https:\/\/cuisinesetfourneaux.com\/portfolio\/cuisine-equipee-a-villeneuve-dascq\/\" target=\"_blank\" class=\" wd-social-icon social-twitter\" aria-label=\"X social link\">\n\t\t\t\t\t\t<span class=\"wd-icon\"><\/span>\n\t\t\t\t\t\t\t\t\t\t\t<\/a>\n\t\t\t\t\n\t\t\t\t\n\t\t\t\t\t\t\t\t\t<a rel=\"noopener noreferrer nofollow\" href=\"mailto:?subject=Check%20this%20https:\/\/cuisinesetfourneaux.com\/portfolio\/cuisine-equipee-a-villeneuve-dascq\/\" target=\"_blank\" class=\" wd-social-icon social-email\" aria-label=\"Email social link\">\n\t\t\t\t\t\t<span class=\"wd-icon\"><\/span>\n\t\t\t\t\t\t\t\t\t\t\t<\/a>\n\t\t\t\t\n\t\t\t\t\n\t\t\t\t\n\t\t\t\t\n\t\t\t\t\t\t\t\t\t<a rel=\"noopener noreferrer nofollow\" href=\"https:\/\/pinterest.com\/pin\/create\/button\/?url=https:\/\/cuisinesetfourneaux.com\/portfolio\/cuisine-equipee-a-villeneuve-dascq\/&media=https:\/\/cuisinesetfourneaux.com\/wp-content\/uploads\/2022\/04\/WhatsApp-Image-2022-04-04-at-16.31.11-1024x577-2.jpeg&description=Cuisine+%C3%A9quip%C3%A9e+%C3%A0+Villeneuve+d%26rsquo%3Bascq\" target=\"_blank\" class=\" wd-social-icon social-pinterest\" aria-label=\"Pinterest social link\">\n\t\t\t\t\t\t<span class=\"wd-icon\"><\/span>\n\t\t\t\t\t\t\t\t\t\t\t<\/a>\n\t\t\t\t\n\t\t\t\t\n\t\t\t\t\t\t\t\t\t<a rel=\"noopener noreferrer nofollow\" href=\"https:\/\/www.linkedin.com\/shareArticle?mini=true&url=https:\/\/cuisinesetfourneaux.com\/portfolio\/cuisine-equipee-a-villeneuve-dascq\/\" target=\"_blank\" class=\" wd-social-icon social-linkedin\" aria-label=\"Linkedin social link\">\n\t\t\t\t\t\t<span class=\"wd-icon\"><\/span>\n\t\t\t\t\t\t\t\t\t\t\t<\/a>\n\t\t\t\t\n\t\t\t\t\n\t\t\t\t\n\t\t\t\t\n\t\t\t\t\n\t\t\t\t\n\t\t\t\t\n\t\t\t\t\n\t\t\t\t\n\t\t\t\t\n\t\t\t\t\n\t\t\t\t\n\t\t\t\t\n\t\t\t\t\n\t\t\t\t\n\t\t\t\t\t\t\t\t\t<a rel=\"noopener noreferrer nofollow\" href=\"https:\/\/telegram.me\/share\/url?url=https:\/\/cuisinesetfourneaux.com\/portfolio\/cuisine-equipee-a-villeneuve-dascq\/\" target=\"_blank\" class=\" wd-social-icon social-tg\" aria-label=\"Telegram social link\">\n\t\t\t\t\t\t<span class=\"wd-icon\"><\/span>\n\t\t\t\t\t\t\t\t\t\t\t<\/a>\n\t\t\t\t\n\t\t\t\t\n\t\t\t<\/div>\n\n\t\t\t\t\t\t\t\t\t\t<\/div>\n\t\t\t\t\t\t\t<\/div>\n\t\t\t\t\t\t<\/div>\n\t\t\t\t\t\t\t\t\t<\/div>\n\t\t\t<\/figure>\n\t\t\n\t\t<div class=\"portfolio-info color-scheme-light\">\n\t\t\t\t\t\t\t<div class=\"wrap-meta\">\n\t\t\t\t\t<ul class=\"proj-cats-list\">\n\t\t\t\t\t\t\t\t\t\t\t\t\t\t\t\t\t\t\t\t<li>Cuisines<\/li>\n\t\t\t\t\t\t\t\t\t\t\t<\/ul>\n\t\t\t\t<\/div>\n\t\t\t\n\t\t\t<div class=\"wrap-title\">\n\t\t\t\t<h3 class=\"wd-entities-title\">\n\t\t\t\t\t<a href=\"https:\/\/cuisinesetfourneaux.com\/portfolio\/cuisine-equipee-a-villeneuve-dascq\/\" rel=\"bookmark\">Cuisine \u00e9quip\u00e9e \u00e0 Villeneuve d&rsquo;ascq<\/a>\n\t\t\t\t<\/h3>\n\t\t\t<\/div>\n\t\t<\/div>\n\t<\/header>\n<\/article>\n\t\t\t\t\t\t\t\t\n<article id=\"post-9811\" class=\"wd-project portfolio-entry wd-col masonry-item portfolio-hover-inverse proj-cat-cuisines-inspiration post-9811 portfolio type-portfolio status-publish has-post-thumbnail hentry project-cat-cuisines-inspiration\">\n\t<header class=\"entry-header\">\n\t\t\t\t\t<figure class=\"entry-thumbnail color-scheme-light\">\n\t\t\t\t<a href=\"https:\/\/cuisinesetfourneaux.com\/portfolio\/cuisine-equipee-hardelot-plage\/\" class=\"portfolio-thumbnail\">\n\t\t\t\t\t<img width=\"400\" height=\"300\" src=\"https:\/\/cuisinesetfourneaux.com\/wp-content\/uploads\/2022\/03\/WhatsApp-Image-2022-03-09-at-10.57.08.jpeg\" class=\"attachment-400xauto size-400xauto\" alt=\"\" decoding=\"async\" srcset=\"https:\/\/cuisinesetfourneaux.com\/wp-content\/uploads\/2022\/03\/WhatsApp-Image-2022-03-09-at-10.57.08.jpeg 1024w, https:\/\/cuisinesetfourneaux.com\/wp-content\/uploads\/2022\/03\/WhatsApp-Image-2022-03-09-at-10.57.08-300x225.jpeg 300w, https:\/\/cuisinesetfourneaux.com\/wp-content\/uploads\/2022\/03\/WhatsApp-Image-2022-03-09-at-10.57.08-768x576.jpeg 768w, https:\/\/cuisinesetfourneaux.com\/wp-content\/uploads\/2022\/03\/WhatsApp-Image-2022-03-09-at-10.57.08-150x113.jpeg 150w\" sizes=\"(max-width: 400px) 100vw, 400px\" \/>\t\t\t\t<\/a>\n\t\t\t\t<div class=\"wd-portfolio-btns\">\n\t\t\t\t\t<div class=\"portfolio-enlarge wd-action-btn wd-style-icon wd-enlarge-icon\">\n\t\t\t\t\t\t<a href=\"https:\/\/cuisinesetfourneaux.com\/wp-content\/uploads\/2022\/03\/WhatsApp-Image-2022-03-09-at-10.57.08.jpeg\" data-elementor-open-lightbox=\"no\">View Large<\/a>\n\t\t\t\t\t<\/div>\n\t\t\t\t\t\t\t\t\t\t\t<div class=\"social-icons-wrapper wd-action-btn wd-style-icon wd-share-icon wd-tltp\">\n\t\t\t\t\t\t\t<a><\/a>\n\t\t\t\t\t\t\t<div class=\"tooltip left\">\n\t\t\t\t\t\t\t\t<div class=\"tooltip-arrow\"><\/div>\n\t\t\t\t\t\t\t\t<div class=\"tooltip-inner\">\n\t\t\t\t\t\t\t\t\t\t\t\t<div\n\t\t\t\t\t\tclass=\" wd-social-icons  wd-style-default wd-size-small social-share wd-shape-circle color-scheme-light text-center\">\n\t\t\t\t\n\t\t\t\t\n\t\t\t\t\t\t\t\t\t<a rel=\"noopener noreferrer nofollow\" href=\"https:\/\/www.facebook.com\/sharer\/sharer.php?u=https:\/\/cuisinesetfourneaux.com\/portfolio\/cuisine-equipee-hardelot-plage\/\" target=\"_blank\" class=\" wd-social-icon social-facebook\" aria-label=\"Facebook social link\">\n\t\t\t\t\t\t<span class=\"wd-icon\"><\/span>\n\t\t\t\t\t\t\t\t\t\t\t<\/a>\n\t\t\t\t\n\t\t\t\t\t\t\t\t\t<a rel=\"noopener noreferrer nofollow\" href=\"https:\/\/x.com\/share?url=https:\/\/cuisinesetfourneaux.com\/portfolio\/cuisine-equipee-hardelot-plage\/\" target=\"_blank\" class=\" wd-social-icon social-twitter\" aria-label=\"X social link\">\n\t\t\t\t\t\t<span class=\"wd-icon\"><\/span>\n\t\t\t\t\t\t\t\t\t\t\t<\/a>\n\t\t\t\t\n\t\t\t\t\n\t\t\t\t\t\t\t\t\t<a rel=\"noopener noreferrer nofollow\" href=\"mailto:?subject=Check%20this%20https:\/\/cuisinesetfourneaux.com\/portfolio\/cuisine-equipee-hardelot-plage\/\" target=\"_blank\" class=\" wd-social-icon social-email\" aria-label=\"Email social link\">\n\t\t\t\t\t\t<span class=\"wd-icon\"><\/span>\n\t\t\t\t\t\t\t\t\t\t\t<\/a>\n\t\t\t\t\n\t\t\t\t\n\t\t\t\t\n\t\t\t\t\n\t\t\t\t\t\t\t\t\t<a rel=\"noopener noreferrer nofollow\" href=\"https:\/\/pinterest.com\/pin\/create\/button\/?url=https:\/\/cuisinesetfourneaux.com\/portfolio\/cuisine-equipee-hardelot-plage\/&media=https:\/\/cuisinesetfourneaux.com\/wp-content\/uploads\/2022\/03\/WhatsApp-Image-2022-03-09-at-10.57.08.jpeg&description=Cuisine+%C3%A9quip%C3%A9e+%C3%A0+Hardelot-Plage\" target=\"_blank\" class=\" wd-social-icon social-pinterest\" aria-label=\"Pinterest social link\">\n\t\t\t\t\t\t<span class=\"wd-icon\"><\/span>\n\t\t\t\t\t\t\t\t\t\t\t<\/a>\n\t\t\t\t\n\t\t\t\t\n\t\t\t\t\t\t\t\t\t<a rel=\"noopener noreferrer nofollow\" href=\"https:\/\/www.linkedin.com\/shareArticle?mini=true&url=https:\/\/cuisinesetfourneaux.com\/portfolio\/cuisine-equipee-hardelot-plage\/\" target=\"_blank\" class=\" wd-social-icon social-linkedin\" aria-label=\"Linkedin social link\">\n\t\t\t\t\t\t<span class=\"wd-icon\"><\/span>\n\t\t\t\t\t\t\t\t\t\t\t<\/a>\n\t\t\t\t\n\t\t\t\t\n\t\t\t\t\n\t\t\t\t\n\t\t\t\t\n\t\t\t\t\n\t\t\t\t\n\t\t\t\t\n\t\t\t\t\n\t\t\t\t\n\t\t\t\t\n\t\t\t\t\n\t\t\t\t\n\t\t\t\t\n\t\t\t\t\n\t\t\t\t\t\t\t\t\t<a rel=\"noopener noreferrer nofollow\" href=\"https:\/\/telegram.me\/share\/url?url=https:\/\/cuisinesetfourneaux.com\/portfolio\/cuisine-equipee-hardelot-plage\/\" target=\"_blank\" class=\" wd-social-icon social-tg\" aria-label=\"Telegram social link\">\n\t\t\t\t\t\t<span class=\"wd-icon\"><\/span>\n\t\t\t\t\t\t\t\t\t\t\t<\/a>\n\t\t\t\t\n\t\t\t\t\n\t\t\t<\/div>\n\n\t\t\t\t\t\t\t\t\t\t<\/div>\n\t\t\t\t\t\t\t<\/div>\n\t\t\t\t\t\t<\/div>\n\t\t\t\t\t\t\t\t\t<\/div>\n\t\t\t<\/figure>\n\t\t\n\t\t<div class=\"portfolio-info color-scheme-light\">\n\t\t\t\t\t\t\t<div class=\"wrap-meta\">\n\t\t\t\t\t<ul class=\"proj-cats-list\">\n\t\t\t\t\t\t\t\t\t\t\t\t\t\t\t\t\t\t\t\t<li>Cuisines<\/li>\n\t\t\t\t\t\t\t\t\t\t\t<\/ul>\n\t\t\t\t<\/div>\n\t\t\t\n\t\t\t<div class=\"wrap-title\">\n\t\t\t\t<h3 class=\"wd-entities-title\">\n\t\t\t\t\t<a href=\"https:\/\/cuisinesetfourneaux.com\/portfolio\/cuisine-equipee-hardelot-plage\/\" rel=\"bookmark\">Cuisine \u00e9quip\u00e9e \u00e0 Hardelot-Plage<\/a>\n\t\t\t\t<\/h3>\n\t\t\t<\/div>\n\t\t<\/div>\n\t<\/header>\n<\/article>\n\t\t\t\t\t\t\t\t\n<article id=\"post-9809\" class=\"wd-project portfolio-entry wd-col masonry-item portfolio-hover-inverse proj-cat-cuisines-inspiration post-9809 portfolio type-portfolio status-publish has-post-thumbnail hentry project-cat-cuisines-inspiration\">\n\t<header class=\"entry-header\">\n\t\t\t\t\t<figure class=\"entry-thumbnail color-scheme-light\">\n\t\t\t\t<a href=\"https:\/\/cuisinesetfourneaux.com\/portfolio\/cuisine-lille-euratechnologies\/\" class=\"portfolio-thumbnail\">\n\t\t\t\t\t<img width=\"400\" height=\"533\" src=\"https:\/\/cuisinesetfourneaux.com\/wp-content\/uploads\/2022\/03\/WhatsApp-Image-2022-03-08-at-12.30.21-1.jpeg\" class=\"attachment-400xauto size-400xauto\" alt=\"\" decoding=\"async\" srcset=\"https:\/\/cuisinesetfourneaux.com\/wp-content\/uploads\/2022\/03\/WhatsApp-Image-2022-03-08-at-12.30.21-1.jpeg 1200w, https:\/\/cuisinesetfourneaux.com\/wp-content\/uploads\/2022\/03\/WhatsApp-Image-2022-03-08-at-12.30.21-1-225x300.jpeg 225w, https:\/\/cuisinesetfourneaux.com\/wp-content\/uploads\/2022\/03\/WhatsApp-Image-2022-03-08-at-12.30.21-1-768x1024.jpeg 768w, https:\/\/cuisinesetfourneaux.com\/wp-content\/uploads\/2022\/03\/WhatsApp-Image-2022-03-08-at-12.30.21-1-1152x1536.jpeg 1152w, https:\/\/cuisinesetfourneaux.com\/wp-content\/uploads\/2022\/03\/WhatsApp-Image-2022-03-08-at-12.30.21-1-150x200.jpeg 150w\" sizes=\"(max-width: 400px) 100vw, 400px\" \/>\t\t\t\t<\/a>\n\t\t\t\t<div class=\"wd-portfolio-btns\">\n\t\t\t\t\t<div class=\"portfolio-enlarge wd-action-btn wd-style-icon wd-enlarge-icon\">\n\t\t\t\t\t\t<a href=\"https:\/\/cuisinesetfourneaux.com\/wp-content\/uploads\/2022\/03\/WhatsApp-Image-2022-03-08-at-12.30.21-1.jpeg\" data-elementor-open-lightbox=\"no\">View Large<\/a>\n\t\t\t\t\t<\/div>\n\t\t\t\t\t\t\t\t\t\t\t<div class=\"social-icons-wrapper wd-action-btn wd-style-icon wd-share-icon wd-tltp\">\n\t\t\t\t\t\t\t<a><\/a>\n\t\t\t\t\t\t\t<div class=\"tooltip left\">\n\t\t\t\t\t\t\t\t<div class=\"tooltip-arrow\"><\/div>\n\t\t\t\t\t\t\t\t<div class=\"tooltip-inner\">\n\t\t\t\t\t\t\t\t\t\t\t\t<div\n\t\t\t\t\t\tclass=\" wd-social-icons  wd-style-default wd-size-small social-share wd-shape-circle color-scheme-light text-center\">\n\t\t\t\t\n\t\t\t\t\n\t\t\t\t\t\t\t\t\t<a rel=\"noopener noreferrer nofollow\" href=\"https:\/\/www.facebook.com\/sharer\/sharer.php?u=https:\/\/cuisinesetfourneaux.com\/portfolio\/cuisine-lille-euratechnologies\/\" target=\"_blank\" class=\" wd-social-icon social-facebook\" aria-label=\"Facebook social link\">\n\t\t\t\t\t\t<span class=\"wd-icon\"><\/span>\n\t\t\t\t\t\t\t\t\t\t\t<\/a>\n\t\t\t\t\n\t\t\t\t\t\t\t\t\t<a rel=\"noopener noreferrer nofollow\" href=\"https:\/\/x.com\/share?url=https:\/\/cuisinesetfourneaux.com\/portfolio\/cuisine-lille-euratechnologies\/\" target=\"_blank\" class=\" wd-social-icon social-twitter\" aria-label=\"X social link\">\n\t\t\t\t\t\t<span class=\"wd-icon\"><\/span>\n\t\t\t\t\t\t\t\t\t\t\t<\/a>\n\t\t\t\t\n\t\t\t\t\n\t\t\t\t\t\t\t\t\t<a rel=\"noopener noreferrer nofollow\" href=\"mailto:?subject=Check%20this%20https:\/\/cuisinesetfourneaux.com\/portfolio\/cuisine-lille-euratechnologies\/\" target=\"_blank\" class=\" wd-social-icon social-email\" aria-label=\"Email social link\">\n\t\t\t\t\t\t<span class=\"wd-icon\"><\/span>\n\t\t\t\t\t\t\t\t\t\t\t<\/a>\n\t\t\t\t\n\t\t\t\t\n\t\t\t\t\n\t\t\t\t\n\t\t\t\t\t\t\t\t\t<a rel=\"noopener noreferrer nofollow\" href=\"https:\/\/pinterest.com\/pin\/create\/button\/?url=https:\/\/cuisinesetfourneaux.com\/portfolio\/cuisine-lille-euratechnologies\/&media=https:\/\/cuisinesetfourneaux.com\/wp-content\/uploads\/2022\/03\/WhatsApp-Image-2022-03-08-at-12.30.21-1.jpeg&description=Cuisine+%C3%A9quip%C3%A9e+%C3%A0+Lille+Euratechnologies\" target=\"_blank\" class=\" wd-social-icon social-pinterest\" aria-label=\"Pinterest social link\">\n\t\t\t\t\t\t<span class=\"wd-icon\"><\/span>\n\t\t\t\t\t\t\t\t\t\t\t<\/a>\n\t\t\t\t\n\t\t\t\t\n\t\t\t\t\t\t\t\t\t<a rel=\"noopener noreferrer nofollow\" href=\"https:\/\/www.linkedin.com\/shareArticle?mini=true&url=https:\/\/cuisinesetfourneaux.com\/portfolio\/cuisine-lille-euratechnologies\/\" target=\"_blank\" class=\" wd-social-icon social-linkedin\" aria-label=\"Linkedin social link\">\n\t\t\t\t\t\t<span class=\"wd-icon\"><\/span>\n\t\t\t\t\t\t\t\t\t\t\t<\/a>\n\t\t\t\t\n\t\t\t\t\n\t\t\t\t\n\t\t\t\t\n\t\t\t\t\n\t\t\t\t\n\t\t\t\t\n\t\t\t\t\n\t\t\t\t\n\t\t\t\t\n\t\t\t\t\n\t\t\t\t\n\t\t\t\t\n\t\t\t\t\n\t\t\t\t\n\t\t\t\t\t\t\t\t\t<a rel=\"noopener noreferrer nofollow\" href=\"https:\/\/telegram.me\/share\/url?url=https:\/\/cuisinesetfourneaux.com\/portfolio\/cuisine-lille-euratechnologies\/\" target=\"_blank\" class=\" wd-social-icon social-tg\" aria-label=\"Telegram social link\">\n\t\t\t\t\t\t<span class=\"wd-icon\"><\/span>\n\t\t\t\t\t\t\t\t\t\t\t<\/a>\n\t\t\t\t\n\t\t\t\t\n\t\t\t<\/div>\n\n\t\t\t\t\t\t\t\t\t\t<\/div>\n\t\t\t\t\t\t\t<\/div>\n\t\t\t\t\t\t<\/div>\n\t\t\t\t\t\t\t\t\t<\/div>\n\t\t\t<\/figure>\n\t\t\n\t\t<div class=\"portfolio-info color-scheme-light\">\n\t\t\t\t\t\t\t<div class=\"wrap-meta\">\n\t\t\t\t\t<ul class=\"proj-cats-list\">\n\t\t\t\t\t\t\t\t\t\t\t\t\t\t\t\t\t\t\t\t<li>Cuisines<\/li>\n\t\t\t\t\t\t\t\t\t\t\t<\/ul>\n\t\t\t\t<\/div>\n\t\t\t\n\t\t\t<div class=\"wrap-title\">\n\t\t\t\t<h3 class=\"wd-entities-title\">\n\t\t\t\t\t<a href=\"https:\/\/cuisinesetfourneaux.com\/portfolio\/cuisine-lille-euratechnologies\/\" rel=\"bookmark\">Cuisine \u00e9quip\u00e9e \u00e0 Lille Euratechnologies<\/a>\n\t\t\t\t<\/h3>\n\t\t\t<\/div>\n\t\t<\/div>\n\t<\/header>\n<\/article>\n\t\t\n\t\t\n\t\t\n\t\t\t\t\t","status":"have-posts","nextPage":"https:\/\/cuisinesetfourneaux.com\/project-cat\/cuisines-inspiration\/page\/4\/?woo_ajax=1","currentPage":"https:\/\/cuisinesetfourneaux.com\/project-cat\/cuisines-inspiration\/page\/3"}